{"id":12495,"date":"2026-03-18T17:25:54","date_gmt":"2026-03-18T17:25:54","guid":{"rendered":"https:\/\/morazan.org\/?p=12495"},"modified":"2026-03-18T17:53:57","modified_gmt":"2026-03-18T17:53:57","slug":"kolumbien-am-scheideweg-parlaments-und-prasidentschaftswahlen-im-jahr-2026","status":"publish","type":"post","link":"https:\/\/morazan.org\/de\/kolumbien-am-scheideweg-parlaments-und-prasidentschaftswahlen-im-jahr-2026\/","title":{"rendered":"Kolumbien am Scheideweg: Parlaments- und Pr\u00e4sidentschaftswahlen im Jahr 2026."},"content":{"rendered":"<div data-elementor-type=\"wp-post\" data-elementor-id=\"12495\" class=\"elementor elementor-12495\" data-elementor-post-type=\"post\">\n\t\t\t\t\t\t<section class=\"elementor-section elementor-top-section elementor-element elementor-element-21300eb elementor-section-boxed elementor-section-height-default elementor-section-height-default\" data-id=\"21300eb\" data-element_type=\"section\" data-e-type=\"section\">\n\t\t\t\t\t\t<div class=\"elementor-container elementor-column-gap-default\">\n\t\t\t\t\t<div class=\"elementor-column elementor-col-100 elementor-top-column elementor-element elementor-element-db6be69\" data-id=\"db6be69\" data-element_type=\"column\" data-e-type=\"column\">\n\t\t\t<div class=\"elementor-widget-wrap elementor-element-populated\">\n\t\t\t\t\t\t<div class=\"elementor-element elementor-element-e0396f9 elementor-widget elementor-widget-image\" data-id=\"e0396f9\" data-element_type=\"widget\" data-e-type=\"widget\" data-widget_type=\"image.default\">\n\t\t\t\t<div class=\"elementor-widget-container\">\n\t\t\t\t\t\t\t\t\t\t\t\t\t\t\t<img fetchpriority=\"high\" decoding=\"async\" width=\"570\" height=\"255\" src=\"https:\/\/morazan.org\/wp-content\/uploads\/2026\/03\/Ivan_Cepeda-570x255-1.jpg\" class=\"attachment-large size-large wp-image-12528\" alt=\"\" srcset=\"https:\/\/morazan.org\/wp-content\/uploads\/2026\/03\/Ivan_Cepeda-570x255-1.jpg 570w, https:\/\/morazan.org\/wp-content\/uploads\/2026\/03\/Ivan_Cepeda-570x255-1-300x134.jpg 300w, https:\/\/morazan.org\/wp-content\/uploads\/2026\/03\/Ivan_Cepeda-570x255-1-18x8.jpg 18w\" sizes=\"(max-width: 570px) 100vw, 570px\" \/>\t\t\t\t\t\t\t\t\t\t\t\t\t\t\t<\/div>\n\t\t\t\t<\/div>\n\t\t\t\t\t<\/div>\n\t\t<\/div>\n\t\t\t\t\t<\/div>\n\t\t<\/section>\n\t\t\t\t<section class=\"elementor-section elementor-top-section elementor-element elementor-element-5bf71a8 elementor-section-boxed elementor-section-height-default elementor-section-height-default\" data-id=\"5bf71a8\" data-element_type=\"section\" data-e-type=\"section\">\n\t\t\t\t\t\t<div class=\"elementor-container elementor-column-gap-default\">\n\t\t\t\t\t<div class=\"elementor-column elementor-col-100 elementor-top-column elementor-element elementor-element-3760d09\" data-id=\"3760d09\" data-element_type=\"column\" data-e-type=\"column\">\n\t\t\t<div class=\"elementor-widget-wrap elementor-element-populated\">\n\t\t\t\t\t\t<div class=\"elementor-element elementor-element-fca5c51 elementor-widget elementor-widget-text-editor\" data-id=\"fca5c51\" data-element_type=\"widget\" data-e-type=\"widget\" data-widget_type=\"text-editor.default\">\n\t\t\t\t<div class=\"elementor-widget-container\">\n\t\t\t\t\t\t\t\t\t<h1 style=\"text-align: center;\">Kolumbien am Scheideweg: Hat die Linke in Lateinamerika noch eine Chance?<\/h1>\t\t\t\t\t\t\t\t<\/div>\n\t\t\t\t<\/div>\n\t\t\t\t\t<\/div>\n\t\t<\/div>\n\t\t\t\t\t<\/div>\n\t\t<\/section>\n\t\t\t\t<section class=\"elementor-section elementor-top-section elementor-element elementor-element-dfed30a elementor-section-boxed elementor-section-height-default elementor-section-height-default\" data-id=\"dfed30a\" data-element_type=\"section\" data-e-type=\"section\">\n\t\t\t\t\t\t<div class=\"elementor-container elementor-column-gap-default\">\n\t\t\t\t\t<div class=\"elementor-column elementor-col-100 elementor-top-column elementor-element elementor-element-e2405a8\" data-id=\"e2405a8\" data-element_type=\"column\" data-e-type=\"column\">\n\t\t\t<div class=\"elementor-widget-wrap elementor-element-populated\">\n\t\t\t\t\t\t<div class=\"elementor-element elementor-element-92d1853 elementor-widget elementor-widget-text-editor\" data-id=\"92d1853\" data-element_type=\"widget\" data-e-type=\"widget\" data-widget_type=\"text-editor.default\">\n\t\t\t\t<div class=\"elementor-widget-container\">\n\t\t\t\t\t\t\t\t\t<h3 style=\"text-align: center;\">Parlaments- und Pr\u00e4sidentschaftswahlen im Jahr 2026<\/h3>\t\t\t\t\t\t\t\t<\/div>\n\t\t\t\t<\/div>\n\t\t\t\t\t<\/div>\n\t\t<\/div>\n\t\t\t\t\t<\/div>\n\t\t<\/section>\n\t\t\t\t<section class=\"elementor-section elementor-top-section elementor-element elementor-element-4897ee7 elementor-section-boxed elementor-section-height-default elementor-section-height-default\" data-id=\"4897ee7\" data-element_type=\"section\" data-e-type=\"section\">\n\t\t\t\t\t\t<div class=\"elementor-container elementor-column-gap-default\">\n\t\t\t\t\t<div class=\"elementor-column elementor-col-100 elementor-top-column elementor-element elementor-element-2867344\" data-id=\"2867344\" data-element_type=\"column\" data-e-type=\"column\">\n\t\t\t<div class=\"elementor-widget-wrap elementor-element-populated\">\n\t\t\t\t\t\t<div class=\"elementor-element elementor-element-934d165 elementor-widget elementor-widget-text-editor\" data-id=\"934d165\" data-element_type=\"widget\" data-e-type=\"widget\" data-widget_type=\"text-editor.default\">\n\t\t\t\t<div class=\"elementor-widget-container\">\n\t\t\t\t\t\t\t\t\t<p style=\"text-align: right;\"><em>Ricardo C\u00e1rdenas, M\u00e4rz 17, 2026<\/em><\/p>\t\t\t\t\t\t\t\t<\/div>\n\t\t\t\t<\/div>\n\t\t\t\t<div class=\"elementor-element elementor-element-8253aa1 elementor-widget elementor-widget-text-editor\" data-id=\"8253aa1\" data-element_type=\"widget\" data-e-type=\"widget\" data-widget_type=\"text-editor.default\">\n\t\t\t\t<div class=\"elementor-widget-container\">\n\t\t\t\t\t\t\t\t\t<p><strong>Kolumbien hat ein neues Parlament gew\u00e4hlt und einigen Wochen stehen die Prasidentschaftswahlen an. Ricardo Cardenas bilanziert die Errungenschaften und Fehler des linken Pr\u00e4sidenten Petro. Und er analysiert, welche Chancen der linke Kandidat Cepeda bei den anstehenden Pr\u00e4sidentschaftswahlen hat.<\/strong><\/p>\t\t\t\t\t\t\t\t<\/div>\n\t\t\t\t<\/div>\n\t\t\t\t\t<\/div>\n\t\t<\/div>\n\t\t\t\t\t<\/div>\n\t\t<\/section>\n\t\t\t\t<section class=\"elementor-section elementor-top-section elementor-element elementor-element-0557b1c elementor-section-boxed elementor-section-height-default elementor-section-height-default\" data-id=\"0557b1c\" data-element_type=\"section\" data-e-type=\"section\">\n\t\t\t\t\t\t<div class=\"elementor-container elementor-column-gap-default\">\n\t\t\t\t\t<div class=\"elementor-column elementor-col-100 elementor-top-column elementor-element elementor-element-2911717\" data-id=\"2911717\" data-element_type=\"column\" data-e-type=\"column\">\n\t\t\t<div class=\"elementor-widget-wrap elementor-element-populated\">\n\t\t\t\t\t\t<div class=\"elementor-element elementor-element-394547e elementor-widget elementor-widget-text-editor\" data-id=\"394547e\" data-element_type=\"widget\" data-e-type=\"widget\" data-widget_type=\"text-editor.default\">\n\t\t\t\t<div class=\"elementor-widget-container\">\n\t\t\t\t\t\t\t\t\t<p>Am 8. M\u00e4rz diesen Jahres waren die KolumbianerInnen aufgerufen, ein neues Parlament zu w\u00e4hlen, im Mai einen neuen Pr\u00e4sidenten. Die Wahlen werden in einem polarisierten Land stattfinden. 2022 hatte der Kandidat des Linken B\u00fcndnisses Pacto Historico Gustavo Petro in Kolumbien die Pr\u00e4sidentschaftswahlen gewonnen. Auch in anderen L\u00e4ndern Lateinamerikas, so z.B. in Chile, war die Linke damals an die Macht gekommen. Zwischenzeitlich gab es in gro\u00dfen Teilen des Kontinents eine Wende nach rechts. Rechte Kandidaten haben k\u00fcrzlich mit dem Segen Trumps die Wahlen in Chile, Honduras, Costa Rica und Bolivien gewonnen.<\/p><p>Kann es dem linken B\u00fcndnis in Kolumbien gelingen, ihren Pr\u00e4sidentschaftskandidaten durchzubringen? Bliebe somit ein starker linker Block in Lateinamerika mit Brasilien, Mexiko, Kolumbien bestehen?<\/p>\t\t\t\t\t\t\t\t<\/div>\n\t\t\t\t<\/div>\n\t\t\t\t\t<\/div>\n\t\t<\/div>\n\t\t\t\t\t<\/div>\n\t\t<\/section>\n\t\t\t\t<section class=\"elementor-section elementor-top-section elementor-element elementor-element-052afa0 elementor-section-boxed elementor-section-height-default elementor-section-height-default\" data-id=\"052afa0\" data-element_type=\"section\" data-e-type=\"section\">\n\t\t\t\t\t\t<div class=\"elementor-container elementor-column-gap-default\">\n\t\t\t\t\t<div class=\"elementor-column elementor-col-100 elementor-top-column elementor-element elementor-element-4b068d5\" data-id=\"4b068d5\" data-element_type=\"column\" data-e-type=\"column\">\n\t\t\t<div class=\"elementor-widget-wrap elementor-element-populated\">\n\t\t\t\t\t\t<div class=\"elementor-element elementor-element-fed6329 elementor-widget elementor-widget-text-editor\" data-id=\"fed6329\" data-element_type=\"widget\" data-e-type=\"widget\" data-widget_type=\"text-editor.default\">\n\t\t\t\t<div class=\"elementor-widget-container\">\n\t\t\t\t\t\t\t\t\t<h4 class=\"wp-block-heading\"><strong>Das aktuelle Wahlkampfszenario<\/strong><\/h4>\t\t\t\t\t\t\t\t<\/div>\n\t\t\t\t<\/div>\n\t\t\t\t\t<\/div>\n\t\t<\/div>\n\t\t\t\t\t<\/div>\n\t\t<\/section>\n\t\t\t\t<section class=\"elementor-section elementor-top-section elementor-element elementor-element-a6ab1b8 elementor-section-boxed elementor-section-height-default elementor-section-height-default\" data-id=\"a6ab1b8\" data-element_type=\"section\" data-e-type=\"section\">\n\t\t\t\t\t\t<div class=\"elementor-container elementor-column-gap-default\">\n\t\t\t\t\t<div class=\"elementor-column elementor-col-100 elementor-top-column elementor-element elementor-element-1382735\" data-id=\"1382735\" data-element_type=\"column\" data-e-type=\"column\">\n\t\t\t<div class=\"elementor-widget-wrap elementor-element-populated\">\n\t\t\t\t\t\t<div class=\"elementor-element elementor-element-ebad98c elementor-widget elementor-widget-text-editor\" data-id=\"ebad98c\" data-element_type=\"widget\" data-e-type=\"widget\" data-widget_type=\"text-editor.default\">\n\t\t\t\t<div class=\"elementor-widget-container\">\n\t\t\t\t\t\t\t\t\t<p>Das Establishment, die gro\u00dfen traditionellen Medien, die rechten Parteien und ihre Anh\u00e4ngerInnen versuchen das Rad der Geschichte zur\u00fcckzudrehen und die Errungenschaften der ersten progressiven Regierung der Republik mit ihrem Pr\u00e4sidenten Gustavo Petro r\u00fcckg\u00e4ngig zu machen. Nun werden die KolumbianerInnen entscheiden, ob die Reformen, die Kolumbien dringend ben\u00f6tigt, weitergef\u00fchrt werden k\u00f6nnen oder nicht.<\/p><p>Ein Handicap der Pr\u00e4sidentschaft von Petro war, dass er sich im Parlament nicht auf eine stabile Mehrheit st\u00fctzen konnte. Bei den Parlamentswahlen 2022 wurde der Pacto Hist\u00f3rico (ein B\u00fcndnis der linken Parteien) zwar im Senat als st\u00e4rkste Kraft gew\u00e4hlt. Von den 108 Sitzen im Senat entfielen 20 auf den Pacto Hist\u00f3rico. Comunes, die Partei der ehemaligen Guerilla FARC, erhielt 5 Sitze. Weitere 9 Sitze gingen an andere linke Abgeordnete, so dass die Regierung Petro zun\u00e4chst 34 Senatoren hinter sich vereinen konnte. Die anderen Parteien (Liberale, Konservative, Rechte, Gr\u00fcne etc ) hielten mehr als 2\/3 der Sitze, so dass Petro mit wechselnden Mehrheiten regieren musste.<\/p><p>So war die rechte Opposition teilweise in der Lage, wichtige Reformvorhaben der Regierung zu torpedieren. Dies galt insbesondere f\u00fcr die Gesundheitsreform. Der Senat weigerte sich, eine Reform zu beschlie\u00dfen, die eine drastische Ver\u00e4nderung des Gesundheitssystems bewirkt und endlich die Gesundheit als universelles Recht f\u00fcr alle und insbesondere auch die \u00e4rmeren KolumbianerInnen garantiert h\u00e4tte.\u00a0<\/p><p>Bei den Parlamentswahlen am 8. M\u00e4rz hat der Pacto die Zahl seiner Sitze im Senat auf 25<sup class=\"fn\" data-fn=\"ee441efe-16f1-47da-acac-cd8ad664164a\"><a id=\"ee441efe-16f1-47da-acac-cd8ad664164a-link\" href=\"https:\/\/roger-peltzer.com\/kolumbien-am-scheideweg\/#ee441efe-16f1-47da-acac-cd8ad664164a\">1<\/a><\/sup> und im Repr\u00e4sentantenhaus von 28 auf 42 Sitze steigern k\u00f6nnen, wobei das Repr\u00e4sentantenhaus insgesamt 188 Sitze hat. In beiden H\u00e4usern z\u00e4hlen noch weitere Vertreter einiger kleiner Parteien zur Linken, aber auch in Zukunft wird insofern ein neuer linker Pr\u00e4sident wieder auf wechselnde Koalitionen mit Liberalen und auch Konservativen angewiesen sein.\u00a0<\/p>\t\t\t\t\t\t\t\t<\/div>\n\t\t\t\t<\/div>\n\t\t\t\t\t<\/div>\n\t\t<\/div>\n\t\t\t\t\t<\/div>\n\t\t<\/section>\n\t\t\t\t<section class=\"elementor-section elementor-top-section elementor-element elementor-element-9a9ee72 elementor-section-boxed elementor-section-height-default elementor-section-height-default\" data-id=\"9a9ee72\" data-element_type=\"section\" data-e-type=\"section\">\n\t\t\t\t\t\t<div class=\"elementor-container elementor-column-gap-default\">\n\t\t\t\t\t<div class=\"elementor-column elementor-col-100 elementor-top-column elementor-element elementor-element-d4aa353\" data-id=\"d4aa353\" data-element_type=\"column\" data-e-type=\"column\">\n\t\t\t<div class=\"elementor-widget-wrap elementor-element-populated\">\n\t\t\t\t\t\t<div class=\"elementor-element elementor-element-1665766 elementor-widget elementor-widget-text-editor\" data-id=\"1665766\" data-element_type=\"widget\" data-e-type=\"widget\" data-widget_type=\"text-editor.default\">\n\t\t\t\t<div class=\"elementor-widget-container\">\n\t\t\t\t\t\t\t\t\t<h4 class=\"wp-block-heading\"><strong>Die Errungenschaften der Pr\u00e4sidentschaft Petro<\/strong><\/h4>\t\t\t\t\t\t\t\t<\/div>\n\t\t\t\t<\/div>\n\t\t\t\t\t<\/div>\n\t\t<\/div>\n\t\t\t\t\t<\/div>\n\t\t<\/section>\n\t\t\t\t<section class=\"elementor-section elementor-top-section elementor-element elementor-element-ae1376d elementor-section-boxed elementor-section-height-default elementor-section-height-default\" data-id=\"ae1376d\" data-element_type=\"section\" data-e-type=\"section\">\n\t\t\t\t\t\t<div class=\"elementor-container elementor-column-gap-default\">\n\t\t\t\t\t<div class=\"elementor-column elementor-col-100 elementor-top-column elementor-element elementor-element-dd95297\" data-id=\"dd95297\" data-element_type=\"column\" data-e-type=\"column\">\n\t\t\t<div class=\"elementor-widget-wrap elementor-element-populated\">\n\t\t\t\t\t\t<div class=\"elementor-element elementor-element-84cffb3 elementor-widget elementor-widget-text-editor\" data-id=\"84cffb3\" data-element_type=\"widget\" data-e-type=\"widget\" data-widget_type=\"text-editor.default\">\n\t\t\t\t<div class=\"elementor-widget-container\">\n\t\t\t\t\t\t\t\t\t<p>Die Ergebnisse der 4-j\u00e4hrigen Pr\u00e4sidentschaft von Petro lassen sich durchaus sehen.<\/p><ul class=\"wp-block-list\"><li>Der <strong>Mindestlohn <\/strong>ist um 42,35% gestiegen auf etwa \u20ac 327.\u00a0<\/li><li>Die <strong>Arbeitslosenquote <\/strong>ist auf ein noch nie gekanntes Niveau von 8,8 % gesunken.\u00a0<\/li><li>Das <strong>Wirtschaftswachstum <\/strong>Kolumbiens lag unter der Pr\u00e4sidentschaft Petro bei 2,7 % im Schnitt, \u2013 laut OECD-Statistiken das viertbeste aller OECD-L\u00e4nder.\u00a0<\/li><li>Die <strong>medizinische Versorgung in den l\u00e4ndlichen Regionen<\/strong> konnte mehr als 5,5 Millionen Familien erreichen. Die Kindersterblichkeit aufgrund von Unterern\u00e4hrung ist um mehr als 42% gesunken.<\/li><li>In der Bildung hat sich viel getan: Die <strong>Hochschulbildung <\/strong>ist nicht mehr nur ein Privileg der wohlhabenden Schichten. 97 % der Studierenden zahlen keine Studiengeb\u00fchren. Die Zahl der Hochschulstudierenden stieg zwischen 2022 und 2025 um mehr als 50 %. In der <strong>fr\u00fchkindlichen Bildung<\/strong> wurden 36,2 % mehr Pl\u00e4tze f\u00fcr Vorschulkinder und 72,1% mehr Pl\u00e4tze in Kinderg\u00e4rten geschaffen.<\/li><li>Im Bereich der <strong>schulischen Geb\u00e4udeinfrastruktur<\/strong> investierte das Bildungsministerium erheblich in die Verbesserung der Schulen, insbesondere in l\u00e4ndlichen Gebieten. Bis Ende 2024 wurden innerhalb von zwei Jahren mehr als 1.000 Schulen im ganzen Land renoviert, wodurch die Bedingungen der Lernr\u00e4ume, die Internetverbindungen und die Verf\u00fcgbarkeit von Bildungsressourcen verbessert wurden.<br \/>Derzeit profitieren 1.725.000 Sch\u00fcler von der <strong>Verl\u00e4ngerung des Schultages<\/strong>. Dies bedeutet nicht nur mehr Zeit in der Schule, sondern auch ein gesichertes Schulessen und ein vielf\u00e4ltiges Angebot in Bereichen wie Kunst, Kultur, Sport, Zweisprachigkeit, Wissenschaft, Technologie und Innovation, Sprache, Mathematik und Friedenserziehung, wodurch die Entwicklung von Lebenskompetenzen gef\u00f6rdert wird.<\/li><li>Ein wichtiges Projekt der Regierung ist die <strong>Energiewende<\/strong>, um die Dekarbonisierung der Wirtschaft einzuleiten. Unter Petro wurden 3,1 Gigawatt Sonnen- und Windenergie in das nationale Energiesystem integriert, wodurch das Land nun 13,87 % saubere Energie in seinem Energiemix hat. In den beiden Raffinerien des Landes werden j\u00e4hrlich 30.000 Tonnen gr\u00fcnen Wasserstoffs produziert, Ziel f\u00fcr 2040 ist es, eine Million Tonnen gr\u00fcnen Wasserstoff zu produzieren, um den aktuellen und zuk\u00fcnftigen Bedarf zu decken und sogar Wasserstoff zu exportieren. In diesem Zusammenhang sei erw\u00e4hnt, dass die Zusammenarbeit mit der deutschen Ampel-Regierung f\u00fcr die Umsetzung der Energiewende von grundlegender Bedeutung war.Die Dezentralisierung der Strom- und Wasserversorgung ist vorangeschritten. So wurden endlich die l\u00e4ndlichen Gebiete versorgt und damit weitgehend unabh\u00e4ngig von den Energiekonzernen.<\/li><li>Nennenswert sind auch die Erfolge in der <strong>Au\u00dfen- und der Umweltpolitik<\/strong>. Pr\u00e4sident Petro hat in seiner bisherigen Amtszeit durch sein Bekenntnis zum Multilateralismus und darauf zielende Initiativen beachtliche Erfolge erzielt. Besonders hervorzuheben ist die Wiederaufnahme diplomatischer Beziehungen zu Venezuela, die eine Stabilisierung der Grenzregion erm\u00f6glichte. Dar\u00fcber hinaus hat die Regierung Petro die Beziehungen zu Afrika verst\u00e4rkt und die wirtschaftliche und politische Kooperation zu diesem von den alten Eliten des Landes vergessenen Kontinent vorangebracht. Das ist mehr als notwendig: Fast 10% der Bev\u00f6lkerung hat afrikanische Wurzeln und die kolumbianische Kultur umfasst afrikanische Traditionen.<br \/>Zudem hat Petro Kolumbiens Einfluss in <strong>globalen Klimafragen<\/strong> gest\u00e4rkt, sich auf internationalen Foren als engagierter Umweltvertreter positioniert und den Globalen Norden selbstbewusst zum Handeln gegen den Klimawandel, auch im Namen des Artenschutzes, aufgefordert.\u00a0<\/li><\/ul><p>Ein Gro\u00dfteil der sozialen und Infrastrukturinvestitionen konnte durch eine Erh\u00f6hung der Einkommenssteuer und einen vor\u00fcbergehenden Wegfall der Benzinsubventionen finanziert werden. Dabei blieben die Subventionen f\u00fcr Diesel aufrechterhalten, weil der von den \u00e4rmeren Bev\u00f6lkerungsschichten genutzte \u00d6PNV (Busse) auf Diesel angewiesen ist. Eine zweite Erh\u00f6hung der Einkommenssteuer fand allerdings keine Mehrheit mehr im Senat.<\/p>\t\t\t\t\t\t\t\t<\/div>\n\t\t\t\t<\/div>\n\t\t\t\t\t<\/div>\n\t\t<\/div>\n\t\t\t\t\t<\/div>\n\t\t<\/section>\n\t\t\t\t<section class=\"elementor-section elementor-top-section elementor-element elementor-element-f1887f1 elementor-section-boxed elementor-section-height-default elementor-section-height-default\" data-id=\"f1887f1\" data-element_type=\"section\" data-e-type=\"section\">\n\t\t\t\t\t\t<div class=\"elementor-container elementor-column-gap-default\">\n\t\t\t\t\t<div class=\"elementor-column elementor-col-100 elementor-top-column elementor-element elementor-element-1315056\" data-id=\"1315056\" data-element_type=\"column\" data-e-type=\"column\">\n\t\t\t<div class=\"elementor-widget-wrap elementor-element-populated\">\n\t\t\t\t\t\t<div class=\"elementor-element elementor-element-8ae4487 elementor-widget elementor-widget-text-editor\" data-id=\"8ae4487\" data-element_type=\"widget\" data-e-type=\"widget\" data-widget_type=\"text-editor.default\">\n\t\t\t\t<div class=\"elementor-widget-container\">\n\t\t\t\t\t\t\t\t\t<h4 class=\"wp-block-heading\"><strong>Was ist unter Petro nicht gut gelaufen?<\/strong><\/h4>\t\t\t\t\t\t\t\t<\/div>\n\t\t\t\t<\/div>\n\t\t\t\t\t<\/div>\n\t\t<\/div>\n\t\t\t\t\t<\/div>\n\t\t<\/section>\n\t\t\t\t<section class=\"elementor-section elementor-top-section elementor-element elementor-element-0b75b0a elementor-section-boxed elementor-section-height-default elementor-section-height-default\" data-id=\"0b75b0a\" data-element_type=\"section\" data-e-type=\"section\">\n\t\t\t\t\t\t<div class=\"elementor-container elementor-column-gap-default\">\n\t\t\t\t\t<div class=\"elementor-column elementor-col-100 elementor-top-column elementor-element elementor-element-3c2f991\" data-id=\"3c2f991\" data-element_type=\"column\" data-e-type=\"column\">\n\t\t\t<div class=\"elementor-widget-wrap elementor-element-populated\">\n\t\t\t\t\t\t<div class=\"elementor-element elementor-element-dc97c5a elementor-widget elementor-widget-text-editor\" data-id=\"dc97c5a\" data-element_type=\"widget\" data-e-type=\"widget\" data-widget_type=\"text-editor.default\">\n\t\t\t\t<div class=\"elementor-widget-container\">\n\t\t\t\t\t\t\t\t\t<p>Jedoch ist die Bilanz der Pr\u00e4sidentschaft Petro nicht nur rosa.<\/p><p>Die <strong>Politik des totalen Friedens<\/strong> ist weitgehend gescheitert.<sup class=\"fn\" data-fn=\"a6a7d5e6-7c4e-4ae6-a25a-33d275b20523\"><a id=\"a6a7d5e6-7c4e-4ae6-a25a-33d275b20523-link\" href=\"https:\/\/roger-peltzer.com\/kolumbien-am-scheideweg\/#a6a7d5e6-7c4e-4ae6-a25a-33d275b20523\">2<\/a><\/sup> Das Resultat der Verhandlungen mit allen bewaffneten Gruppen wie der ELN, den Dissidentengruppen der FARC (der EMC und der Segunda Marquetalia), dar\u00fcber hinaus mit den rechten Paramilit\u00e4rs wie dem Clan del Golfo bzw. den Autodefensas Gaitanistas de Colombia (AGC, einer mit dem Drogenhandel in Verbindung stehenden Gruppe, die im Norden des Landes pr\u00e4sent ist), den Autodefensas Conquistadoras de la Sierra Nevada aus der Umgebung der Stadt Santa Marta, und lokalen Banden aus Buenaventura, Medell\u00edn und dem Valle de Aburr\u00e1 sowie Quibd\u00f3 ist mager.<\/p><p>Die Erwartungen der Gespr\u00e4che mit der ELN haben sich nicht erf\u00fcllt, obwohl am Anfang Einigkeit im einigen Punkten der Verhandlungsagenda erzielt wurde. So gab es eine Feuerpause, aber die ELN hielt weiter am \u201eGesch\u00e4ftsmodell\u201c der Entf\u00fchrungen fest, obwohl die Verhandlungsagenda dies strikt verboten hatte. Als die Regierung direkte Verhandlungen mit Comuneros del Sur, einer Front, die sich gegen die nationale F\u00fchrung der ELN auflehnte, aufnahm, ver\u00e4rgerte dies die Guerilla, worauf sie sich vom Verhandlungstisch zur\u00fcckzog. Der endg\u00fcltige Bruch kam im Januar, als die Gruppe eine gewaltsame Offensive gegen Dissidenten der ehemaligen FARC in der Region Catatumbo startete.\u00a0<\/p><p>Die Gruppen, die direkt mit dem <strong>Drogenhandel <\/strong>verbunden sind, haben zurzeit kein Interesse, die Friedensverhandlungen fortzuf\u00fchren. Teilweise ist das dadurch zu erkl\u00e4ren, dass die Strategie der Regierung nicht konsequent bis zu Ende gedacht ist. So erfordert die Politik der Substitution des Coca-Anbaus z.B. durch den Anbau der Kakaopflanzen Investitionen in die Infrastruktur wie den Bau von neuen Stra\u00dfen, damit die Substitutionsprodukte auf den Markt kommen k\u00f6nnen. Diese Investitionen sind nur begrenzt erfolgt. Bisher holen die Drogenh\u00e4ndler selbst die Cocabl\u00e4tter ab und bringen sie zu den Labors zur weiteren Verarbeitung. Allerdings bek\u00e4mpft die Regierung entschieden den Anbau und die Vermarktung von Kokain. So beschlagnahmte die Regierung bisher mehr als 2800 Tonnen Kokain. Keine Vorg\u00e4nger-Regierung zuvor hatte vergleichbare Zahlen vorweisen k\u00f6nnen. Dieses Thema war auch Teil des Gespr\u00e4ches zwischen Trump und Petro am 3. Februar 2026.<\/p><p>Hinzu kommen Managementfehler von Petro. Es gab <strong>unz\u00e4hlige Kabinettsumbildungen<\/strong>, die schwer von den W\u00e4hlerInnen zu durchschauen waren. Auch die Hereinnahme von umstrittenen PolitikerInnen ins Kabinett, wie den derzeitigen Innenminister, der beschuldigt wird, seine Frau in Spanien verpr\u00fcgelt zu haben, oder die derzeitige Botschafterin in Gro\u00dfbritannien, eigentlich eine Karrieristin ohne linke Vergangenheit, haben nicht nur unter den Anh\u00e4ngerInnen der Regierung f\u00fcr Unmut gesorgt.<\/p>\t\t\t\t\t\t\t\t<\/div>\n\t\t\t\t<\/div>\n\t\t\t\t\t<\/div>\n\t\t<\/div>\n\t\t\t\t\t<\/div>\n\t\t<\/section>\n\t\t\t\t<section class=\"elementor-section elementor-top-section elementor-element elementor-element-267ec55 elementor-section-boxed elementor-section-height-default elementor-section-height-default\" data-id=\"267ec55\" data-element_type=\"section\" data-e-type=\"section\">\n\t\t\t\t\t\t<div class=\"elementor-container elementor-column-gap-default\">\n\t\t\t\t\t<div class=\"elementor-column elementor-col-100 elementor-top-column elementor-element elementor-element-41d5e69\" data-id=\"41d5e69\" data-element_type=\"column\" data-e-type=\"column\">\n\t\t\t<div class=\"elementor-widget-wrap elementor-element-populated\">\n\t\t\t\t\t\t<div class=\"elementor-element elementor-element-71718e5 elementor-widget elementor-widget-text-editor\" data-id=\"71718e5\" data-element_type=\"widget\" data-e-type=\"widget\" data-widget_type=\"text-editor.default\">\n\t\t\t\t<div class=\"elementor-widget-container\">\n\t\t\t\t\t\t\t\t\t<h4 class=\"wp-block-heading\"><strong>Das Kr\u00e4fteverh\u00e4ltnis im aktuellen Pr\u00e4sidentschaftswahlkampf<\/strong><\/h4>\t\t\t\t\t\t\t\t<\/div>\n\t\t\t\t<\/div>\n\t\t\t\t\t<\/div>\n\t\t<\/div>\n\t\t\t\t\t<\/div>\n\t\t<\/section>\n\t\t\t\t<section class=\"elementor-section elementor-top-section elementor-element elementor-element-7b8e591 elementor-section-boxed elementor-section-height-default elementor-section-height-default\" data-id=\"7b8e591\" data-element_type=\"section\" data-e-type=\"section\">\n\t\t\t\t\t\t<div class=\"elementor-container elementor-column-gap-default\">\n\t\t\t\t\t<div class=\"elementor-column elementor-col-100 elementor-top-column elementor-element elementor-element-26de51c\" data-id=\"26de51c\" data-element_type=\"column\" data-e-type=\"column\">\n\t\t\t<div class=\"elementor-widget-wrap elementor-element-populated\">\n\t\t\t\t\t\t<div class=\"elementor-element elementor-element-6dac1cb elementor-widget elementor-widget-text-editor\" data-id=\"6dac1cb\" data-element_type=\"widget\" data-e-type=\"widget\" data-widget_type=\"text-editor.default\">\n\t\t\t\t<div class=\"elementor-widget-container\">\n\t\t\t\t\t\t\t\t\t<p>Insgesamt aber hat Petros Politik f\u00fcr Kolumbien, das Land mit der gr\u00f6\u00dften Ungleichheit in ganz S\u00fcdamerika, Fr\u00fcchte f\u00fcr die Menschen getragen, die jahrzehntelang vom Establishment vergessen wurden. Dies l\u00e4sst hoffen, dass die Wahlen zur Pr\u00e4sidentschaft von den progressiven Kr\u00e4ften gewonnen werden k\u00f6nnen.<\/p><p>Im vergangenen Oktober wurde in einer parteiinternen Abstimmung des Pacto Hist\u00f3rico durch Mitglieder- und Sympatisantenentscheid bestimmt, wer f\u00fcr den Pacto Hist\u00f3rico bei den partei\u00fcbergreifenden Vorwahlen f\u00fcr das Pr\u00e4sidentenamt ins Rennen gehen w\u00fcrde. An diesem Entscheid nahmen rund 2,8 Millionen Menschen teil, wobei Iv\u00e1n Cepeda mehr als 65 % der Stimmen erhielt. Die zweitmeisten Stimmen erhielt die ehemalige Gesundheitsministerin Carolina Corcho, die demnach Spitzenkandidatin f\u00fcr den Senat sein wird.<\/p><p><strong>Iv\u00e1n Cepeda<\/strong> ist seit 2010 Mitglied des Parlaments, zun\u00e4chst als Vertreter Bogot\u00e1s im Repr\u00e4sentantenhaus und seit 2014 als Senator der Republik. Er ist Philosoph und Menschenrechtsaktivist. Seine St\u00e4rken sind die Integrit\u00e4t und Koh\u00e4renz seines politischen Handelns. Cepeda ist ein entschiedener <strong>Gegner des ehemaligen Pr\u00e4sidenten \u00c1lvaro Uribe<\/strong>, den er wegen Menschenrechtsverletzungen w\u00e4hrend seiner politischen Laufbahn kritisiert hat. Im April 2012, als Cepeda Abgeordneter im Repr\u00e4sentantenhaus war, berief er eine Debatte \u00fcber den Paramilitarismus in Antioquia ein, in der er die vermuteten Verbindungen von Uribe und seinen Vertrauten zu den Paramilit\u00e4rs w\u00e4hrend dessen Amtszeit als Gouverneur dieses Departements thematisierte. Sp\u00e4ter als Senator konfrontierte er Uribe erneut in einer Debatte \u00fcber den Paramilitarismus in Kolumbien, diesmal in dessen Gegenwart. Uribe klagte Cepeda vor dem Obersten Gerichtshof wegen Zeugenmanipulation an. Nach einer eingehenden Pr\u00fcfung durch den Gerichtshof sprach dieser Cepeda von allen Vorw\u00fcrfen frei und stellte fest, dass Uribe sich durch seinen Anwalt Diego Cadena der Zeugenbeeinflussung schuldig gemacht hatte, mit der Absicht, diese Zeugen dazu zu bewegen, gegen Cepeda auszusagen.\u00a0<\/p><p>Cepeda ist es gelungen, Uribe vor ein ordentliches Gericht zu bringen. Nach vielen Gerichtsterminen wurde Uribe in erster Instanz zu 12 Jahren Gef\u00e4ngnis verurteilt. In zweiter Instanz wurde Uribe jedoch mit 2 zu 1 Simmen freigesprochen, \u2013 das Kassationsgericht des Obersten Gerichtshofes muss nun endg\u00fcltig entscheiden.<\/p><p>Zurzeit f\u00fchrt Ivan Cepeda in den Umfragen eindeutig und wird mit gro\u00dfer Sicherheit in die Stichwahlen einziehen. Aufgrund seiner langen tadellosen politischen Karriere ist er in Kolumbien sehr bekannt und genie\u00dft ein hohes Ansehen.<\/p>\t\t\t\t\t\t\t\t<\/div>\n\t\t\t\t<\/div>\n\t\t\t\t\t<\/div>\n\t\t<\/div>\n\t\t\t\t\t<\/div>\n\t\t<\/section>\n\t\t\t\t<section class=\"elementor-section elementor-top-section elementor-element elementor-element-9c0fd27 elementor-section-boxed elementor-section-height-default elementor-section-height-default\" data-id=\"9c0fd27\" data-element_type=\"section\" data-e-type=\"section\">\n\t\t\t\t\t\t<div class=\"elementor-container elementor-column-gap-default\">\n\t\t\t\t\t<div class=\"elementor-column elementor-col-100 elementor-top-column elementor-element elementor-element-0817a61\" data-id=\"0817a61\" data-element_type=\"column\" data-e-type=\"column\">\n\t\t\t<div class=\"elementor-widget-wrap elementor-element-populated\">\n\t\t\t\t\t\t<div class=\"elementor-element elementor-element-73e9d4a elementor-widget elementor-widget-text-editor\" data-id=\"73e9d4a\" data-element_type=\"widget\" data-e-type=\"widget\" data-widget_type=\"text-editor.default\">\n\t\t\t\t<div class=\"elementor-widget-container\">\n\t\t\t\t\t\t\t\t\t<h4 class=\"wp-block-heading\"><strong>Und wer sind die Gegner des Pacto Hist\u00f3rico und des Pr\u00e4sidentschaftskandidaten Iv\u00e1n Cepeda?<\/strong><\/h4>\t\t\t\t\t\t\t\t<\/div>\n\t\t\t\t<\/div>\n\t\t\t\t\t<\/div>\n\t\t<\/div>\n\t\t\t\t\t<\/div>\n\t\t<\/section>\n\t\t\t\t<section class=\"elementor-section elementor-top-section elementor-element elementor-element-39e8117 elementor-section-boxed elementor-section-height-default elementor-section-height-default\" data-id=\"39e8117\" data-element_type=\"section\" data-e-type=\"section\">\n\t\t\t\t\t\t<div class=\"elementor-container elementor-column-gap-default\">\n\t\t\t\t\t<div class=\"elementor-column elementor-col-100 elementor-top-column elementor-element elementor-element-ebb557e\" data-id=\"ebb557e\" data-element_type=\"column\" data-e-type=\"column\">\n\t\t\t<div class=\"elementor-widget-wrap elementor-element-populated\">\n\t\t\t\t\t\t<div class=\"elementor-element elementor-element-ec35220 elementor-widget elementor-widget-text-editor\" data-id=\"ec35220\" data-element_type=\"widget\" data-e-type=\"widget\" data-widget_type=\"text-editor.default\">\n\t\t\t\t<div class=\"elementor-widget-container\">\n\t\t\t\t\t\t\t\t\t<p>Wer auf der rechten Seite des politischen Spektrums der Gegenkandidat von Iv Cepeda in einer wahrscheinlichen Stichwahl wird, ist noch nicht ganz klar.\u00a0<\/p><p>Die Partei Centro Democr\u00e1tico (CD) des ehemaligen Pr\u00e4sidenten Uribe w\u00e4hlte Senatorin Paloma Valencia in einer telefonischen Umfrage innerhalb der CD zur Kandidatin f\u00fcr das Pr\u00e4sidentschaftsamt, an der allerdings nur 2.255 (!) Personen teilnahmen. Allerdings hat Senatorin Paloma Valancia jetzt bei den Vorwahlen innerhalb der Rechten \u2013 die parallel zu den Parlamentswahlen stattfanden, jetzt fulminante 46 % erzielt und wird damit vermutlich zur Favoritin des rechten Lagers. Paloma ist die Enkelin des Pr\u00e4sidenten Le\u00f3n Valencia, der f\u00fcr seine Ausschweifungen und den Angriff auf Bauern im Jahr 1964 bekannt ist. Dieser Angriff f\u00fchrte \u00fcbrigens zur Gr\u00fcndung der FARC. Einer der \u201ekreativsten\u201c Vorschl\u00e4ge von Paloma Valencia war, das Departement Cauca, aus dem sie zusammen mit ihren Vorfahren stammt, geografisch und politisch in einen separaten Teil f\u00fcr die Indigenen und einen anderen f\u00fcr die Wei\u00dfen und Mestizen aufzuteilen.<\/p><p><strong>Extrem rechts<\/strong> steht ein weiterer Bewerber f\u00fcr das Pr\u00e4sidentenamt: Der Anwalt Abelardo de la Espriella. Es ist bekannt, dass seine Mandanten Verbindungen zu Paramilit\u00e4rs, Drogenhandel und Geldw\u00e4sche haben. Dank seiner T\u00e4tigkeiten als Anwalt hat er ein gro\u00dfes Verm\u00f6gen angeh\u00e4uft, dessen Herkunft der Kandidat nie aufkl\u00e4ren konnte. Einer seiner Mandanten ist Alex Saab, ein Kolumbianer, dem Maduro die venezolanische Staatsb\u00fcrgerschaft verliehen hat. Er war Maduros wichtigster Minister und Berater und wurde beschuldigt, der Drahtzieher der Geldw\u00e4sche und Korruption in diesem Land zu sein.<br \/>De la Espriella, ein nur mittelm\u00e4\u00dfiger S\u00e4nger und Unternehmer, hat sich ebenfalls um das Pr\u00e4sidentenamt beworben und angek\u00fcndigt, dass er die Linke und alle, die gegen das Establishment sind, \u201eausrotten\u201c werde. Die Partei von Espriella hat bei den Parlamentswahlen am 8. M\u00e4rz allerdings nur 3 % der Stimmen erzielt.<\/p><p>In der <strong>politischen Mitte<\/strong> gibt es mehrere BewerberInnen:<br \/>Sergio Fajardo, ehemaliger Gouverneur von Antioquia und B\u00fcrgermeister von Medell\u00edn, f\u00fchrt die \u201eGem\u00e4\u00dfigten\u201c an. Er war bereits mehrfach Kandidat und ist in der \u00d6ffentlichkeit daf\u00fcr bekannt, dass er gerade dann zum Wale beobachten fuhr, als seine Anwesenheit dringend erforderlich war.<br \/>Claudia L\u00f3pez, ehemalige B\u00fcrgermeisterin von Bogot\u00e1, die sich durch ihre fremdenfeindlichen \u00c4u\u00dferungen gegen venezolanische EinwanderInnen hervorgetan hat, ist eine weitere Kandidatin. Sie und ihre Partnerin sind daf\u00fcr bekannt, dass sie \u2013 obwohl f\u00fcr die Gr\u00fcnen angetreten \u2013 dem progressiven Projekt schaden, da sie ihren Versprechungen keine Taten folgen lassen und eher rechte als linke Politik umsetzen werden.\u00a0<\/p><p>Die Rechte und das Zentrum sind also bislang gespalten, und bislang gibt es keinen gemeinsamen Kandidaten oder keine Kandidatin, die den progressiven Kr\u00e4ften Paroli bieten k\u00f6nnte.<\/p><p>Auch wenn Cepeda kein gro\u00dfartiger Redner oder Volkstribun ist, hat er dank seiner Koh\u00e4renz und Integrit\u00e4t die Sympathie der einfachen Leute gewonnen. Seine Argumente sind klar und pr\u00e4gnant. Es scheint gesichert, dass er in die Stichwahl kommt. Es bleibt abzuwarten, gegen welchen Kandidaten der Rechten oder der Mitte er im zweiten Wahlgang antreten muss.<\/p><p>Kolumbien am Scheideweg: Die Kolumbianer haben es in der Hand, entweder fortschrittliche Politik im Interesse der Bev\u00f6lkerung und des Friedens zu w\u00e4hlen oder den Rechten zu erlauben, die Reformen und erzielten Erfolge zunichtezumachen.<\/p>\t\t\t\t\t\t\t\t<\/div>\n\t\t\t\t<\/div>\n\t\t\t\t\t<\/div>\n\t\t<\/div>\n\t\t\t\t\t<\/div>\n\t\t<\/section>\n\t\t\t\t<section class=\"elementor-section elementor-top-section elementor-element elementor-element-2044e5e elementor-section-boxed elementor-section-height-default elementor-section-height-default\" data-id=\"2044e5e\" data-element_type=\"section\" data-e-type=\"section\">\n\t\t\t\t\t\t<div class=\"elementor-container elementor-column-gap-default\">\n\t\t\t\t\t<div class=\"elementor-column elementor-col-100 elementor-top-column elementor-element elementor-element-32ab2b8\" data-id=\"32ab2b8\" data-element_type=\"column\" data-e-type=\"column\">\n\t\t\t<div class=\"elementor-widget-wrap elementor-element-populated\">\n\t\t\t\t\t\t<div class=\"elementor-element elementor-element-d1c222c elementor-widget elementor-widget-text-editor\" data-id=\"d1c222c\" data-element_type=\"widget\" data-e-type=\"widget\" data-widget_type=\"text-editor.default\">\n\t\t\t\t<div class=\"elementor-widget-container\">\n\t\t\t\t\t\t\t\t\t<h2 class=\"wp-block-heading\">Notas a pie de p\u00e1gina<\/h2>\t\t\t\t\t\t\t\t<\/div>\n\t\t\t\t<\/div>\n\t\t\t\t\t<\/div>\n\t\t<\/div>\n\t\t\t\t\t<\/div>\n\t\t<\/section>\n\t\t\t\t<section class=\"elementor-section elementor-top-section elementor-element elementor-element-f570e47 elementor-section-boxed elementor-section-height-default elementor-section-height-default\" data-id=\"f570e47\" data-element_type=\"section\" data-e-type=\"section\">\n\t\t\t\t\t\t<div class=\"elementor-container elementor-column-gap-default\">\n\t\t\t\t\t<div class=\"elementor-column elementor-col-100 elementor-top-column elementor-element elementor-element-6eb8b7e\" data-id=\"6eb8b7e\" data-element_type=\"column\" data-e-type=\"column\">\n\t\t\t<div class=\"elementor-widget-wrap elementor-element-populated\">\n\t\t\t\t\t\t<div class=\"elementor-element elementor-element-531ecf9 elementor-widget elementor-widget-text-editor\" data-id=\"531ecf9\" data-element_type=\"widget\" data-e-type=\"widget\" data-widget_type=\"text-editor.default\">\n\t\t\t\t<div class=\"elementor-widget-container\">\n\t\t\t\t\t\t\t\t\t<ol class=\"wp-block-footnotes\"><li id=\"ee441efe-16f1-47da-acac-cd8ad664164a\">Inzwischen (Stand 13.03.2026) ist es dem Pacto Historico gelungen, 2 Sitze im Senat dazu zu gewinnen sowie in der Camera 4 Sitze, es k\u00f6nnten in beiden sogar noch mehr werden. Zudem wurden w\u00e4hrend der Wahl im M\u00e4rz verschiedene Irregularit\u00e4ten beobachtet, die eventuell zu weiteren Schritten f\u00fchren werden. <a href=\"https:\/\/roger-peltzer.com\/kolumbien-am-scheideweg\/#ee441efe-16f1-47da-acac-cd8ad664164a-link\" aria-label=\"Zur Fu\u00dfnotenreferenz 1 navigieren\">\u21a9\ufe0e<\/a><\/li><li id=\"a6a7d5e6-7c4e-4ae6-a25a-33d275b20523\">Die Verhandlungen mit der FARC, der damals gr\u00f6\u00dften Guerrillagruppe, wurden 2016 erfolgreich abgeschlossen. Dieser Friedensprozess wurde auch seitens der deutschen Regierung unterst\u00fctzt. <a href=\"https:\/\/roger-peltzer.com\/kolumbien-am-scheideweg\/#a6a7d5e6-7c4e-4ae6-a25a-33d275b20523-link\" aria-label=\"Zur Fu\u00dfnotenreferenz 2 navigieren\">\u21a9\ufe0e<\/a><\/li><\/ol><p><strong>Titelbild:<\/strong> Iv\u00e1n Cepeda Castro, Mitglied des kolumbianischen Senats; URL: https:\/\/commons.wikimedia.org\/wiki\/user:IvanCepedaCastro<\/p><div class=\"pp-author-boxes-name multiple-authors-name\"><a class=\"author url fn\" title=\"Ricardo C\u00e1rdenas\" href=\"https:\/\/roger-peltzer.com\/author\/ricardo-cardenas\/\" rel=\"author\">Ricardo C\u00e1rdenas<\/a><\/div><div class=\"pp-author-boxes-description multiple-authors-description author-description-0\"><p>geb. 1954 in Kolumbien, Studium der Volkswirtschaft in M\u00fcnster, Berufst\u00e4tigkeit im Export von Energieanlagen und -systemen bei verschiedenen deutschen Firmen<\/p><\/div><div>.<\/div><div>\u00a0<\/div>\t\t\t\t\t\t\t\t<\/div>\n\t\t\t\t<\/div>\n\t\t\t\t\t<\/div>\n\t\t<\/div>\n\t\t\t\t\t<\/div>\n\t\t<\/section>\n\t\t\t\t<\/div>","protected":false},"excerpt":{"rendered":"<p>Kolumbien am Scheideweg: Hat die Linke in Lateinamerika noch eine Chance? Parlaments- und Pr\u00e4sidentschaftswahlen im Jahr 2026 Ricardo C\u00e1rdenas, M\u00e4rz 17, 2026 Kolumbien hat ein neues Parlament gew\u00e4hlt und einigen Wochen stehen die Prasidentschaftswahlen an. Ricardo Cardenas bilanziert die Errungenschaften und Fehler des linken Pr\u00e4sidenten Petro. Und er analysiert, welche Chancen der linke Kandidat Cepeda [&hellip;]<\/p>\n","protected":false},"author":2,"featured_media":0,"comment_status":"closed","ping_status":"","sticky":false,"template":"","format":"standard","meta":{"footnotes":""},"categories":[1],"tags":[],"class_list":["post-12495","post","type-post","status-publish","format-standard","hentry","category-invitados"],"_links":{"self":[{"href":"https:\/\/morazan.org\/de\/wp-json\/wp\/v2\/posts\/12495","targetHints":{"allow":["GET"]}}],"collection":[{"href":"https:\/\/morazan.org\/de\/wp-json\/wp\/v2\/posts"}],"about":[{"href":"https:\/\/morazan.org\/de\/wp-json\/wp\/v2\/types\/post"}],"author":[{"embeddable":true,"href":"https:\/\/morazan.org\/de\/wp-json\/wp\/v2\/users\/2"}],"replies":[{"embeddable":true,"href":"https:\/\/morazan.org\/de\/wp-json\/wp\/v2\/comments?post=12495"}],"version-history":[{"count":37,"href":"https:\/\/morazan.org\/de\/wp-json\/wp\/v2\/posts\/12495\/revisions"}],"predecessor-version":[{"id":12534,"href":"https:\/\/morazan.org\/de\/wp-json\/wp\/v2\/posts\/12495\/revisions\/12534"}],"wp:attachment":[{"href":"https:\/\/morazan.org\/de\/wp-json\/wp\/v2\/media?parent=12495"}],"wp:term":[{"taxonomy":"category","embeddable":true,"href":"https:\/\/morazan.org\/de\/wp-json\/wp\/v2\/categories?post=12495"},{"taxonomy":"post_tag","embeddable":true,"href":"https:\/\/morazan.org\/de\/wp-json\/wp\/v2\/tags?post=12495"}],"curies":[{"name":"wp","href":"https:\/\/api.w.org\/{rel}","templated":true}]}}